{"id":2381,"date":"2019-11-05T03:35:54","date_gmt":"2019-11-05T03:35:54","guid":{"rendered":"http:\/\/www.psykiatriantutkimussaatio.fi\/?p=2381"},"modified":"2020-09-30T20:12:17","modified_gmt":"2020-09-30T20:12:17","slug":"nuorten-mielenterveys-tutkimustietoa-ja-tyokaluja-nuorten-kanssa-tyoskentelville-aikuisille","status":"publish","type":"post","link":"https:\/\/www.psykiatriantutkimussaatio.fi\/index.php\/2019\/11\/05\/nuorten-mielenterveys-tutkimustietoa-ja-tyokaluja-nuorten-kanssa-tyoskentelville-aikuisille\/","title":{"rendered":"Koulutusp\u00e4iv\u00e4 4.10.2019 Nuorten mielenterveys: tutkimustietoa ja ty\u00f6kaluja nuorten kanssa ty\u00f6skenteleville aikuisille"},"content":{"rendered":"\t\t<div data-elementor-type=\"wp-post\" data-elementor-id=\"2381\" class=\"elementor elementor-2381\" data-elementor-post-type=\"post\">\n\t\t\t\t\t\t<section class=\"elementor-section elementor-top-section elementor-element elementor-element-700f467f elementor-section-full_width elementor-section-height-default elementor-section-height-default\" data-id=\"700f467f\" data-element_type=\"section\" data-e-type=\"section\" data-settings=\"{&quot;background_background&quot;:&quot;classic&quot;}\">\n\t\t\t\t\t\t\t<div class=\"elementor-background-overlay\"><\/div>\n\t\t\t\t\t\t\t<div class=\"elementor-container elementor-column-gap-default\">\n\t\t\t\t\t<div class=\"elementor-column elementor-col-100 elementor-top-column elementor-element elementor-element-d2fa52e\" data-id=\"d2fa52e\" data-element_type=\"column\" data-e-type=\"column\" data-settings=\"{&quot;background_background&quot;:&quot;classic&quot;}\">\n\t\t\t<div class=\"elementor-widget-wrap\">\n\t\t\t\t\t\t\t<\/div>\n\t\t<\/div>\n\t\t\t\t\t<\/div>\n\t\t<\/section>\n\t\t\t\t<section class=\"elementor-section elementor-top-section elementor-element elementor-element-9deea6e elementor-section-boxed elementor-section-height-default elementor-section-height-default\" data-id=\"9deea6e\" data-element_type=\"section\" data-e-type=\"section\">\n\t\t\t\t\t\t<div class=\"elementor-container elementor-column-gap-default\">\n\t\t\t\t\t<div class=\"elementor-column elementor-col-100 elementor-top-column elementor-element elementor-element-b3806fd\" data-id=\"b3806fd\" data-element_type=\"column\" data-e-type=\"column\">\n\t\t\t<div class=\"elementor-widget-wrap elementor-element-populated\">\n\t\t\t\t\t\t<div class=\"elementor-element elementor-element-af713d0 elementor-widget elementor-widget-heading\" data-id=\"af713d0\" data-element_type=\"widget\" data-e-type=\"widget\" data-widget_type=\"heading.default\">\n\t\t\t\t<div class=\"elementor-widget-container\">\n\t\t\t\t\t<h2 class=\"elementor-heading-title elementor-size-default\">Nuorten mielenterveys: tutkimustietoa ja ty\u00f6kaluja nuorten kanssa ty\u00f6skenteleville aikuisille<\/h2>\t\t\t\t<\/div>\n\t\t\t\t<\/div>\n\t\t\t\t<div class=\"elementor-element elementor-element-385e881 elementor-widget elementor-widget-text-editor\" data-id=\"385e881\" data-element_type=\"widget\" data-e-type=\"widget\" data-widget_type=\"text-editor.default\">\n\t\t\t\t<div class=\"elementor-widget-container\">\n\t\t\t\t\t\t\t\t\t<p>Psykiatrian Tutkimuss\u00e4\u00e4ti\u00f6 j\u00e4rjest\u00e4\u00e4 syksyll\u00e4\u00a0<strong>4.10.2019\u00a0<\/strong>koulutusp\u00e4iv\u00e4n peruskoulun yl\u00e4asteen ja toisen asteen opettajille sek\u00e4 muille nuorten kanssa ty\u00f6skenteleville aikuisille:<\/p><p>Aiheina mm.\u00a0<\/p><p>\u2013 Kuohuvat aivot: Aivojen kehitys ja muutokset itses\u00e4\u00e4telyss\u00e4 \u2013 mit\u00e4 se vaatii ymp\u00e4rist\u00f6lt\u00e4?<\/p><p>\u2013 16 vuotta ja ihan poikki: miten helpottaa nuoren paineita?<\/p><p>\u2013 Masennus- ja ahdistuneisuush\u00e4iri\u00f6t nuorilla \u2013 miten huomioida koulussa ja opiskelussa?<\/p><p>\u2013 Maahanmuuttajataustaiset nuoret kotoutumisen myrskyiss\u00e4 \u2013 n\u00e4k\u00f6kulmia mielenterveyden tukemiseen<\/p><p>Koulutusp\u00e4iv\u00e4n tarkempi ohjelma luettavissa linkist\u00e4: <a href=\"http:\/\/www.psykiatriantutkimussaatio.fi\/wp-content\/uploads\/2019\/10\/Ohjelma_Nuorten-mielenterveys_tutkimustietoa-ja-ty\u00f6kaluja-nuorten-kanssa-ty\u00f6skenteleville-aikuisille.pdf\">Ohjelma 4.10.2019<\/a><\/p>\t\t\t\t\t\t\t\t<\/div>\n\t\t\t\t<\/div>\n\t\t\t\t\t<\/div>\n\t\t<\/div>\n\t\t\t\t\t<\/div>\n\t\t<\/section>\n\t\t\t\t<\/div>\n\t\t","protected":false},"excerpt":{"rendered":"<p>Nuorten mielenterveys: tutkimustietoa ja ty\u00f6kaluja nuorten kanssa ty\u00f6skenteleville aikuisille Psykiatrian Tutkimuss\u00e4\u00e4ti\u00f6 j\u00e4rjest\u00e4\u00e4 syksyll\u00e4\u00a04.10.2019\u00a0koulutusp\u00e4iv\u00e4n peruskoulun yl\u00e4asteen ja toisen asteen opettajille sek\u00e4 muille nuorten kanssa ty\u00f6skenteleville aikuisille: Aiheina mm.\u00a0 \u2013 Kuohuvat aivot: Aivojen kehitys ja muutokset itses\u00e4\u00e4telyss\u00e4 \u2013 mit\u00e4 se vaatii ymp\u00e4rist\u00f6lt\u00e4? \u2013 16 vuotta ja ihan poikki: miten helpottaa nuoren paineita? \u2013 Masennus- ja ahdistuneisuush\u00e4iri\u00f6t nuorilla [&hellip;]<\/p>\n","protected":false},"author":1,"featured_media":0,"comment_status":"open","ping_status":"open","sticky":false,"template":"elementor_header_footer","format":"standard","meta":{"footnotes":""},"categories":[12],"tags":[],"class_list":["post-2381","post","type-post","status-publish","format-standard","hentry","category-tapahtumat"],"_links":{"self":[{"href":"https:\/\/www.psykiatriantutkimussaatio.fi\/index.php\/wp-json\/wp\/v2\/posts\/2381","targetHints":{"allow":["GET"]}}],"collection":[{"href":"https:\/\/www.psykiatriantutkimussaatio.fi\/index.php\/wp-json\/wp\/v2\/posts"}],"about":[{"href":"https:\/\/www.psykiatriantutkimussaatio.fi\/index.php\/wp-json\/wp\/v2\/types\/post"}],"author":[{"embeddable":true,"href":"https:\/\/www.psykiatriantutkimussaatio.fi\/index.php\/wp-json\/wp\/v2\/users\/1"}],"replies":[{"embeddable":true,"href":"https:\/\/www.psykiatriantutkimussaatio.fi\/index.php\/wp-json\/wp\/v2\/comments?post=2381"}],"version-history":[{"count":16,"href":"https:\/\/www.psykiatriantutkimussaatio.fi\/index.php\/wp-json\/wp\/v2\/posts\/2381\/revisions"}],"predecessor-version":[{"id":3415,"href":"https:\/\/www.psykiatriantutkimussaatio.fi\/index.php\/wp-json\/wp\/v2\/posts\/2381\/revisions\/3415"}],"wp:attachment":[{"href":"https:\/\/www.psykiatriantutkimussaatio.fi\/index.php\/wp-json\/wp\/v2\/media?parent=2381"}],"wp:term":[{"taxonomy":"category","embeddable":true,"href":"https:\/\/www.psykiatriantutkimussaatio.fi\/index.php\/wp-json\/wp\/v2\/categories?post=2381"},{"taxonomy":"post_tag","embeddable":true,"href":"https:\/\/www.psykiatriantutkimussaatio.fi\/index.php\/wp-json\/wp\/v2\/tags?post=2381"}],"curies":[{"name":"wp","href":"https:\/\/api.w.org\/{rel}","templated":true}]}}