{"id":5092,"date":"2023-03-30T09:57:24","date_gmt":"2023-03-30T09:57:24","guid":{"rendered":"https:\/\/www.psykiatriantutkimussaatio.fi\/?p=5092"},"modified":"2023-03-30T09:59:11","modified_gmt":"2023-03-30T09:59:11","slug":"tiedenostoja-lasten-psyykenlaakkeiden-hyotyjen-ja-haittojen-seuranta-ja-niista-keskustelu-on-tarkeaa","status":"publish","type":"post","link":"https:\/\/www.psykiatriantutkimussaatio.fi\/index.php\/2023\/03\/30\/tiedenostoja-lasten-psyykenlaakkeiden-hyotyjen-ja-haittojen-seuranta-ja-niista-keskustelu-on-tarkeaa\/","title":{"rendered":"Tiedenostoja:  Lasten psyykenl\u00e4\u00e4kkeiden hy\u00f6tyjen ja haittojen seuranta ja niist\u00e4 keskustelu on t\u00e4rke\u00e4\u00e4"},"content":{"rendered":"\t\t<div data-elementor-type=\"wp-post\" data-elementor-id=\"5092\" class=\"elementor elementor-5092\" data-elementor-post-type=\"post\">\n\t\t\t\t\t\t<section class=\"elementor-section elementor-top-section elementor-element elementor-element-71932712 elementor-section-full_width elementor-section-height-default elementor-section-height-default\" data-id=\"71932712\" data-element_type=\"section\" data-e-type=\"section\" data-settings=\"{&quot;background_background&quot;:&quot;classic&quot;}\">\n\t\t\t\t\t\t\t<div class=\"elementor-background-overlay\"><\/div>\n\t\t\t\t\t\t\t<div class=\"elementor-container elementor-column-gap-default\">\n\t\t\t\t\t<div class=\"elementor-column elementor-col-100 elementor-top-column elementor-element elementor-element-370930a2\" data-id=\"370930a2\" data-element_type=\"column\" data-e-type=\"column\" data-settings=\"{&quot;background_background&quot;:&quot;classic&quot;}\">\n\t\t\t<div class=\"elementor-widget-wrap\">\n\t\t\t\t\t\t\t<\/div>\n\t\t<\/div>\n\t\t\t\t\t<\/div>\n\t\t<\/section>\n\t\t\t\t<section class=\"elementor-section elementor-top-section elementor-element elementor-element-78ab398 elementor-section-boxed elementor-section-height-default elementor-section-height-default\" data-id=\"78ab398\" data-element_type=\"section\" data-e-type=\"section\">\n\t\t\t\t\t\t<div class=\"elementor-container elementor-column-gap-default\">\n\t\t\t\t\t<div class=\"elementor-column elementor-col-100 elementor-top-column elementor-element elementor-element-17cfb9ac\" data-id=\"17cfb9ac\" data-element_type=\"column\" data-e-type=\"column\">\n\t\t\t<div class=\"elementor-widget-wrap elementor-element-populated\">\n\t\t\t\t\t\t<div class=\"elementor-element elementor-element-37b2cea5 elementor-widget elementor-widget-heading\" data-id=\"37b2cea5\" data-element_type=\"widget\" data-e-type=\"widget\" data-widget_type=\"heading.default\">\n\t\t\t\t<div class=\"elementor-widget-container\">\n\t\t\t\t\t<h2 class=\"elementor-heading-title elementor-size-default\">Tiedenostoja: Lasten psyykenl\u00e4\u00e4kkeiden hy\u00f6tyjen ja haittojen seuranta ja niist\u00e4 keskustelu on t\u00e4rke\u00e4\u00e4<\/h2>\t\t\t\t<\/div>\n\t\t\t\t<\/div>\n\t\t\t\t\t<\/div>\n\t\t<\/div>\n\t\t\t\t\t<\/div>\n\t\t<\/section>\n\t\t\t\t<section class=\"elementor-section elementor-top-section elementor-element elementor-element-59126524 elementor-section-boxed elementor-section-height-default elementor-section-height-default\" data-id=\"59126524\" data-element_type=\"section\" data-e-type=\"section\">\n\t\t\t\t\t\t<div class=\"elementor-container elementor-column-gap-default\">\n\t\t\t\t\t<div class=\"elementor-column elementor-col-100 elementor-top-column elementor-element elementor-element-1a4f06cc\" data-id=\"1a4f06cc\" data-element_type=\"column\" data-e-type=\"column\">\n\t\t\t<div class=\"elementor-widget-wrap elementor-element-populated\">\n\t\t\t\t\t\t<div class=\"elementor-element elementor-element-206bf225 elementor-widget elementor-widget-text-editor\" data-id=\"206bf225\" data-element_type=\"widget\" data-e-type=\"widget\" data-widget_type=\"text-editor.default\">\n\t\t\t\t<div class=\"elementor-widget-container\">\n\t\t\t\t\t\t\t\t\t<p>Psyykenl\u00e4\u00e4kkeiden m\u00e4\u00e4r\u00e4\u00e4minen lapsille on lis\u00e4\u00e4ntynyt. Tampereen yliopistollisen sairaalan (TAYS) lastenpsykiatrialle perustettiin L\u00e4\u00e4kehoitoyksikk\u00f6 vuonna 2021. Yksik\u00f6n tavoitteena on toteuttaa l\u00e4\u00e4kehoidon seurantaa ja systematisoida lasten psyykenl\u00e4\u00e4kkeiden m\u00e4\u00e4r\u00e4\u00e4misk\u00e4yt\u00e4nt\u00f6j\u00e4 ja l\u00e4\u00e4kehoidon seurantaa. Yksikk\u00f6 palvelee koko TAYSin lastenpsykiatriaa.<\/p><p>Tutkimuksessa selvitettiin takautuvasti l\u00e4\u00e4kehoitoyksik\u00f6n toimintaa ja sit\u00e4, kuinka hyvin l\u00e4\u00e4kehoidon vaikutusten seuranta lastenpsykiatrisessa l\u00e4\u00e4kehoidossa toteutuu. Tutkimusaineisto sis\u00e4lsi 57 lasta, joiden keski-ik\u00e4 oli 11 vuotta, ja joista suurin osa (77 %) oli poikia. Yleisimm\u00e4t sairaudet lapsilla olivat ADHD, k\u00e4yt\u00f6sh\u00e4iri\u00f6t tai samanaikaiset k\u00e4yt\u00f6s- ja tunneh\u00e4iri\u00f6t. Tiedot l\u00e4\u00e4kehoidon toteutumisesta saatiin sairauskertomuksista.\u00a0<\/p><p>Yleisimm\u00e4t l\u00e4\u00e4kkeet yksik\u00f6n ensik\u00e4ynnill\u00e4 olevilla lapsilla olivat ADHD:n hoitoon tarkoitettu metyylifenidaatti sek\u00e4 psykoosil\u00e4\u00e4keryhm\u00e4\u00e4n kuuluva risperidoni. L\u00e4\u00e4kehoidon seurannan osalta lapsen fyysisen terveyden seuranta (esimerkiksi paino, pituus, verenpaine, tarvittavat laboratoriomittaukset) toteutui suurimmalla osalla lapsista suositusten mukaisesti. Sen sijaan l\u00e4\u00e4kehoidon kohdeoireiden m\u00e4\u00e4rittely ja mahdollisista l\u00e4\u00e4kehaitoista keskustelu ei toteutunut systemaattisesti.<\/p><p>T\u00e4m\u00e4n ja aiempien tutkimusten mukaan l\u00e4\u00e4kehoidon seurannan toteutus tulee r\u00e4\u00e4t\u00e4l\u00f6id\u00e4 paikalliseen hoitoj\u00e4rjestelm\u00e4\u00e4n sopivaksi, ja on hy\u00f6dyllist\u00e4 tukea seurannan toteutumista k\u00e4yt\u00e4nn\u00f6n ty\u00f6kaluilla, esimerkiksi tarkistuslistoilla ja muistutuksilla. Fyysisen terveydentilan seurannan lis\u00e4ksi potilaan ja huoltajien kanssa k\u00e4yt\u00e4v\u00e4 dialoginen keskustelu l\u00e4\u00e4kehoidon tavoitteista ja mahdollisista haitoista on t\u00e4rke\u00e4\u00e4 ja sit\u00e4 tulee lis\u00e4t\u00e4. T\u00e4m\u00e4 voisi auttaa l\u00e4\u00e4kehoidon hy\u00f6ty-haitta-tasapainon arvioimista ja seurantaa, sek\u00e4 vahvistaa yhteisty\u00f6suhdetta.<\/p><p><em>Kakko K, Pesonen R, Pihlakoski L, Salmelin R, Latva R. Structured monitoring of psychotropic medication in university hospital child psychiatry in Finland Psychiatria Fennica 2022;53:138-153<\/em><\/p><p><a href=\"https:\/\/www.psykiatriantutkimussaatio.fi\/wp-content\/uploads\/2022\/11\/Psychiatria_Fennica-2022-Kakko.pdf\"><em>https:\/\/www.psykiatriantutkimussaatio.fi\/wp-content\/uploads\/2022\/11\/Psychiatria_Fennica-2022-Kakko.pdf<\/em><\/a><\/p>\t\t\t\t\t\t\t\t<\/div>\n\t\t\t\t<\/div>\n\t\t\t\t\t<\/div>\n\t\t<\/div>\n\t\t\t\t\t<\/div>\n\t\t<\/section>\n\t\t\t\t<section class=\"elementor-section elementor-top-section elementor-element elementor-element-3e37ebe2 elementor-section-boxed elementor-section-height-default elementor-section-height-default\" data-id=\"3e37ebe2\" data-element_type=\"section\" data-e-type=\"section\" data-settings=\"{&quot;background_background&quot;:&quot;classic&quot;}\">\n\t\t\t\t\t\t<div class=\"elementor-container elementor-column-gap-default\">\n\t\t\t\t\t<div class=\"elementor-column elementor-col-100 elementor-top-column elementor-element elementor-element-2dd3f066\" data-id=\"2dd3f066\" data-element_type=\"column\" data-e-type=\"column\">\n\t\t\t<div class=\"elementor-widget-wrap elementor-element-populated\">\n\t\t\t\t\t\t<div class=\"elementor-element elementor-element-6b52d089 elementor-widget elementor-widget-gallery\" data-id=\"6b52d089\" data-element_type=\"widget\" data-e-type=\"widget\" data-settings=\"{&quot;lazyload&quot;:&quot;yes&quot;,&quot;gallery_layout&quot;:&quot;grid&quot;,&quot;columns&quot;:4,&quot;columns_tablet&quot;:2,&quot;columns_mobile&quot;:1,&quot;gap&quot;:{&quot;unit&quot;:&quot;px&quot;,&quot;size&quot;:10,&quot;sizes&quot;:[]},&quot;gap_tablet&quot;:{&quot;unit&quot;:&quot;px&quot;,&quot;size&quot;:10,&quot;sizes&quot;:[]},&quot;gap_mobile&quot;:{&quot;unit&quot;:&quot;px&quot;,&quot;size&quot;:10,&quot;sizes&quot;:[]},&quot;link_to&quot;:&quot;file&quot;,&quot;aspect_ratio&quot;:&quot;3:2&quot;,&quot;overlay_background&quot;:&quot;yes&quot;,&quot;content_hover_animation&quot;:&quot;fade-in&quot;}\" data-widget_type=\"gallery.default\">\n\t\t\t\t<div class=\"elementor-widget-container\">\n\t\t\t\t\t\t\t<div class=\"elementor-gallery__container\">\n\t\t\t\t\t\t\t<a class=\"e-gallery-item elementor-gallery-item elementor-animated-content\" href=\"https:\/\/www.psykiatriantutkimussaatio.fi\/wp-content\/uploads\/2020\/09\/Apurahat-ja-palkinnot-1024x693-1.jpg\" data-elementor-open-lightbox=\"yes\" data-elementor-lightbox-slideshow=\"6b52d089\" data-elementor-lightbox-title=\"Apurahat-ja-palkinnot-1024x693\" data-e-action-hash=\"#elementor-action%3Aaction%3Dlightbox%26settings%3DeyJpZCI6MzMwNCwidXJsIjoiaHR0cHM6XC9cL3d3dy5wc3lraWF0cmlhbnR1dGtpbXVzc2FhdGlvLmZpXC93cC1jb250ZW50XC91cGxvYWRzXC8yMDIwXC8wOVwvQXB1cmFoYXQtamEtcGFsa2lubm90LTEwMjR4NjkzLTEuanBnIiwic2xpZGVzaG93IjoiNmI1MmQwODkifQ%3D%3D\">\n\t\t\t\t\t<div class=\"e-gallery-image elementor-gallery-item__image\" data-thumbnail=\"https:\/\/www.psykiatriantutkimussaatio.fi\/wp-content\/uploads\/2020\/09\/Apurahat-ja-palkinnot-1024x693-1-300x203.jpg\" data-width=\"300\" data-height=\"203\" aria-label=\"\" role=\"img\" ><\/div>\n\t\t\t\t\t\t\t\t\t\t\t<div class=\"elementor-gallery-item__overlay\"><\/div>\n\t\t\t\t\t\t\t\t\t\t\t\t\t\t<\/a>\n\t\t\t\t\t\t\t<a class=\"e-gallery-item elementor-gallery-item elementor-animated-content\" href=\"https:\/\/www.psykiatriantutkimussaatio.fi\/wp-content\/uploads\/2020\/09\/20181207-DSC_0397.jpg\" data-elementor-open-lightbox=\"yes\" data-elementor-lightbox-slideshow=\"6b52d089\" data-elementor-lightbox-title=\"20181207-DSC_0397\" data-e-action-hash=\"#elementor-action%3Aaction%3Dlightbox%26settings%3DeyJpZCI6MzMwMSwidXJsIjoiaHR0cHM6XC9cL3d3dy5wc3lraWF0cmlhbnR1dGtpbXVzc2FhdGlvLmZpXC93cC1jb250ZW50XC91cGxvYWRzXC8yMDIwXC8wOVwvMjAxODEyMDctRFNDXzAzOTcuanBnIiwic2xpZGVzaG93IjoiNmI1MmQwODkifQ%3D%3D\">\n\t\t\t\t\t<div class=\"e-gallery-image elementor-gallery-item__image\" data-thumbnail=\"https:\/\/www.psykiatriantutkimussaatio.fi\/wp-content\/uploads\/2020\/09\/20181207-DSC_0397-200x300.jpg\" data-width=\"200\" data-height=\"300\" aria-label=\"\" role=\"img\" ><\/div>\n\t\t\t\t\t\t\t\t\t\t\t<div class=\"elementor-gallery-item__overlay\"><\/div>\n\t\t\t\t\t\t\t\t\t\t\t\t\t\t<\/a>\n\t\t\t\t\t\t\t<a class=\"e-gallery-item elementor-gallery-item elementor-animated-content\" href=\"https:\/\/www.psykiatriantutkimussaatio.fi\/wp-content\/uploads\/2020\/09\/Tietoa-meist\u00e4-1024x684-1.jpg\" data-elementor-open-lightbox=\"yes\" data-elementor-lightbox-slideshow=\"6b52d089\" data-elementor-lightbox-title=\"Tietoa-meist\u00e4-1024x684\" data-e-action-hash=\"#elementor-action%3Aaction%3Dlightbox%26settings%3DeyJpZCI6MzI5NSwidXJsIjoiaHR0cHM6XC9cL3d3dy5wc3lraWF0cmlhbnR1dGtpbXVzc2FhdGlvLmZpXC93cC1jb250ZW50XC91cGxvYWRzXC8yMDIwXC8wOVwvVGlldG9hLW1laXN0XHUwMGU0LTEwMjR4Njg0LTEuanBnIiwic2xpZGVzaG93IjoiNmI1MmQwODkifQ%3D%3D\">\n\t\t\t\t\t<div class=\"e-gallery-image elementor-gallery-item__image\" data-thumbnail=\"https:\/\/www.psykiatriantutkimussaatio.fi\/wp-content\/uploads\/2020\/09\/Tietoa-meist\u00e4-1024x684-1-300x200.jpg\" data-width=\"300\" data-height=\"200\" aria-label=\"\" role=\"img\" ><\/div>\n\t\t\t\t\t\t\t\t\t\t\t<div class=\"elementor-gallery-item__overlay\"><\/div>\n\t\t\t\t\t\t\t\t\t\t\t\t\t\t<\/a>\n\t\t\t\t\t\t\t<a class=\"e-gallery-item elementor-gallery-item elementor-animated-content\" href=\"https:\/\/www.psykiatriantutkimussaatio.fi\/wp-content\/uploads\/2020\/09\/Timo_Partonen_valokuva.jpg\" data-elementor-open-lightbox=\"yes\" data-elementor-lightbox-slideshow=\"6b52d089\" data-elementor-lightbox-title=\"Timo_Partonen_valokuva\" data-e-action-hash=\"#elementor-action%3Aaction%3Dlightbox%26settings%3DeyJpZCI6MzI5NywidXJsIjoiaHR0cHM6XC9cL3d3dy5wc3lraWF0cmlhbnR1dGtpbXVzc2FhdGlvLmZpXC93cC1jb250ZW50XC91cGxvYWRzXC8yMDIwXC8wOVwvVGltb19QYXJ0b25lbl92YWxva3V2YS5qcGciLCJzbGlkZXNob3ciOiI2YjUyZDA4OSJ9\">\n\t\t\t\t\t<div class=\"e-gallery-image elementor-gallery-item__image\" data-thumbnail=\"https:\/\/www.psykiatriantutkimussaatio.fi\/wp-content\/uploads\/2020\/09\/Timo_Partonen_valokuva-300x199.jpg\" data-width=\"300\" data-height=\"199\" aria-label=\"\" role=\"img\" ><\/div>\n\t\t\t\t\t\t\t\t\t\t\t<div class=\"elementor-gallery-item__overlay\"><\/div>\n\t\t\t\t\t\t\t\t\t\t\t\t\t\t<\/a>\n\t\t\t\t\t<\/div>\n\t\t\t\t\t<\/div>\n\t\t\t\t<\/div>\n\t\t\t\t\t<\/div>\n\t\t<\/div>\n\t\t\t\t\t<\/div>\n\t\t<\/section>\n\t\t\t\t<\/div>\n\t\t","protected":false},"excerpt":{"rendered":"<p>Tiedenostoja: Lasten psyykenl\u00e4\u00e4kkeiden hy\u00f6tyjen ja haittojen seuranta ja niist\u00e4 keskustelu on t\u00e4rke\u00e4\u00e4 Psyykenl\u00e4\u00e4kkeiden m\u00e4\u00e4r\u00e4\u00e4minen lapsille on lis\u00e4\u00e4ntynyt. Tampereen yliopistollisen sairaalan (TAYS) lastenpsykiatrialle perustettiin L\u00e4\u00e4kehoitoyksikk\u00f6 vuonna 2021. Yksik\u00f6n tavoitteena on toteuttaa l\u00e4\u00e4kehoidon seurantaa ja systematisoida lasten psyykenl\u00e4\u00e4kkeiden m\u00e4\u00e4r\u00e4\u00e4misk\u00e4yt\u00e4nt\u00f6j\u00e4 ja l\u00e4\u00e4kehoidon seurantaa. Yksikk\u00f6 palvelee koko TAYSin lastenpsykiatriaa. Tutkimuksessa selvitettiin takautuvasti l\u00e4\u00e4kehoitoyksik\u00f6n toimintaa ja sit\u00e4, kuinka hyvin l\u00e4\u00e4kehoidon [&hellip;]<\/p>\n","protected":false},"author":1,"featured_media":0,"comment_status":"closed","ping_status":"open","sticky":false,"template":"elementor_header_footer","format":"standard","meta":{"footnotes":""},"categories":[11],"tags":[],"class_list":["post-5092","post","type-post","status-publish","format-standard","hentry","category-blogi"],"_links":{"self":[{"href":"https:\/\/www.psykiatriantutkimussaatio.fi\/index.php\/wp-json\/wp\/v2\/posts\/5092","targetHints":{"allow":["GET"]}}],"collection":[{"href":"https:\/\/www.psykiatriantutkimussaatio.fi\/index.php\/wp-json\/wp\/v2\/posts"}],"about":[{"href":"https:\/\/www.psykiatriantutkimussaatio.fi\/index.php\/wp-json\/wp\/v2\/types\/post"}],"author":[{"embeddable":true,"href":"https:\/\/www.psykiatriantutkimussaatio.fi\/index.php\/wp-json\/wp\/v2\/users\/1"}],"replies":[{"embeddable":true,"href":"https:\/\/www.psykiatriantutkimussaatio.fi\/index.php\/wp-json\/wp\/v2\/comments?post=5092"}],"version-history":[{"count":4,"href":"https:\/\/www.psykiatriantutkimussaatio.fi\/index.php\/wp-json\/wp\/v2\/posts\/5092\/revisions"}],"predecessor-version":[{"id":5096,"href":"https:\/\/www.psykiatriantutkimussaatio.fi\/index.php\/wp-json\/wp\/v2\/posts\/5092\/revisions\/5096"}],"wp:attachment":[{"href":"https:\/\/www.psykiatriantutkimussaatio.fi\/index.php\/wp-json\/wp\/v2\/media?parent=5092"}],"wp:term":[{"taxonomy":"category","embeddable":true,"href":"https:\/\/www.psykiatriantutkimussaatio.fi\/index.php\/wp-json\/wp\/v2\/categories?post=5092"},{"taxonomy":"post_tag","embeddable":true,"href":"https:\/\/www.psykiatriantutkimussaatio.fi\/index.php\/wp-json\/wp\/v2\/tags?post=5092"}],"curies":[{"name":"wp","href":"https:\/\/api.w.org\/{rel}","templated":true}]}}